{"id":1899,"date":"2022-09-13T14:22:44","date_gmt":"2022-09-13T17:22:44","guid":{"rendered":"https:\/\/csr.ufmg.br\/ppgamsa\/?p=1899"},"modified":"2024-09-10T16:45:32","modified_gmt":"2024-09-10T19:45:32","slug":"aula-inaugural-do-semestre-2022-2-com-luciana-gatti","status":"publish","type":"post","link":"https:\/\/csr.ufmg.br\/ppgamsa\/aula-inaugural-do-semestre-2022-2-com-luciana-gatti\/","title":{"rendered":"Aula inaugural do semestre 2022\/2 com Luciana Gatti"},"content":{"rendered":"<p><a href=\"https:\/\/csr.ufmg.br\/ppgamsa\/wp-content\/uploads\/2022\/09\/aula_inaugural_2022-2.jpg\"><img loading=\"lazy\" class=\"lazyload alignnone wp-image-1900 size-full\" src=\"https:\/\/csr.ufmg.br\/ppgamsa\/wp-content\/uploads\/2022\/09\/aula_inaugural_2022-2.jpg\" data-orig-src=\"https:\/\/csr.ufmg.br\/ppgamsa\/wp-content\/uploads\/2022\/09\/aula_inaugural_2022-2.jpg\" alt=\"Cartaz da aula inaugural: O impacto do desmatamento na capacidade da Amaz\u00f4nia de absorver carbono com Luciana Gatti em 29 de setembro de 2022 \u00e0s 15 horas no Instituto de Geoci\u00eancias da UFMG.\" width=\"1414\" height=\"2000\" srcset=\"data:image\/svg+xml,%3Csvg%20xmlns%3D%27http%3A%2F%2Fwww.w3.org%2F2000%2Fsvg%27%20width%3D%271414%27%20height%3D%272000%27%20viewBox%3D%270%200%201414%202000%27%3E%3Crect%20width%3D%271414%27%20height%3D%2732000%27%20fill-opacity%3D%220%22%2F%3E%3C%2Fsvg%3E\" data-srcset=\"https:\/\/csr.ufmg.br\/ppgamsa\/wp-content\/uploads\/2022\/09\/aula_inaugural_2022-2-200x283.jpg 200w, https:\/\/csr.ufmg.br\/ppgamsa\/wp-content\/uploads\/2022\/09\/aula_inaugural_2022-2-212x300.jpg 212w, https:\/\/csr.ufmg.br\/ppgamsa\/wp-content\/uploads\/2022\/09\/aula_inaugural_2022-2-400x566.jpg 400w, https:\/\/csr.ufmg.br\/ppgamsa\/wp-content\/uploads\/2022\/09\/aula_inaugural_2022-2-600x849.jpg 600w, https:\/\/csr.ufmg.br\/ppgamsa\/wp-content\/uploads\/2022\/09\/aula_inaugural_2022-2-724x1024.jpg 724w, https:\/\/csr.ufmg.br\/ppgamsa\/wp-content\/uploads\/2022\/09\/aula_inaugural_2022-2-768x1086.jpg 768w, https:\/\/csr.ufmg.br\/ppgamsa\/wp-content\/uploads\/2022\/09\/aula_inaugural_2022-2-800x1132.jpg 800w, https:\/\/csr.ufmg.br\/ppgamsa\/wp-content\/uploads\/2022\/09\/aula_inaugural_2022-2-1086x1536.jpg 1086w, https:\/\/csr.ufmg.br\/ppgamsa\/wp-content\/uploads\/2022\/09\/aula_inaugural_2022-2-1200x1697.jpg 1200w, https:\/\/csr.ufmg.br\/ppgamsa\/wp-content\/uploads\/2022\/09\/aula_inaugural_2022-2.jpg 1414w\" data-sizes=\"auto\" data-orig-sizes=\"(max-width: 1414px) 100vw, 1414px\" \/><\/a><\/p>\n","protected":false},"excerpt":{"rendered":"","protected":false},"author":4,"featured_media":0,"comment_status":"open","ping_status":"open","sticky":false,"template":"","format":"standard","meta":[],"categories":[53,16],"tags":[],"_links":{"self":[{"href":"https:\/\/csr.ufmg.br\/ppgamsa\/wp-json\/wp\/v2\/posts\/1899"}],"collection":[{"href":"https:\/\/csr.ufmg.br\/ppgamsa\/wp-json\/wp\/v2\/posts"}],"about":[{"href":"https:\/\/csr.ufmg.br\/ppgamsa\/wp-json\/wp\/v2\/types\/post"}],"author":[{"embeddable":true,"href":"https:\/\/csr.ufmg.br\/ppgamsa\/wp-json\/wp\/v2\/users\/4"}],"replies":[{"embeddable":true,"href":"https:\/\/csr.ufmg.br\/ppgamsa\/wp-json\/wp\/v2\/comments?post=1899"}],"version-history":[{"count":2,"href":"https:\/\/csr.ufmg.br\/ppgamsa\/wp-json\/wp\/v2\/posts\/1899\/revisions"}],"predecessor-version":[{"id":1902,"href":"https:\/\/csr.ufmg.br\/ppgamsa\/wp-json\/wp\/v2\/posts\/1899\/revisions\/1902"}],"wp:attachment":[{"href":"https:\/\/csr.ufmg.br\/ppgamsa\/wp-json\/wp\/v2\/media?parent=1899"}],"wp:term":[{"taxonomy":"category","embeddable":true,"href":"https:\/\/csr.ufmg.br\/ppgamsa\/wp-json\/wp\/v2\/categories?post=1899"},{"taxonomy":"post_tag","embeddable":true,"href":"https:\/\/csr.ufmg.br\/ppgamsa\/wp-json\/wp\/v2\/tags?post=1899"}],"curies":[{"name":"wp","href":"https:\/\/api.w.org\/{rel}","templated":true}]}}