{"id":1942,"date":"2023-03-20T16:30:37","date_gmt":"2023-03-20T19:30:37","guid":{"rendered":"https:\/\/csr.ufmg.br\/ppgamsa\/?p=1942"},"modified":"2024-09-10T16:46:56","modified_gmt":"2024-09-10T19:46:56","slug":"aula-magna-carlos-cioce-sampaio","status":"publish","type":"post","link":"https:\/\/csr.ufmg.br\/ppgamsa\/aula-magna-carlos-cioce-sampaio\/","title":{"rendered":"AULA MAGNA: CARLOS CIOCE SAMPAIO"},"content":{"rendered":"<p>Aula Magna com o professor Carlos Cioce Sampaio<\/p>\n<p>Tema: <span class=\"S1PPyQ\">Desenvolvimento \u00e0 Escala Humana: 40 anos da tese de Manfred Max-Neef, Pr\u00eamio Nobel Alternativo (Right Livelihood Award)<\/span><\/p>\n<p>Data: 27 de mar\u00e7o de 2028<\/p>\n<p>Hor\u00e1rio: 11h<\/p>\n<p>Local: Audit\u00f3rio 1010 &#8211; Escola de Engenharia UFMG<\/p>\n<p>Sobre o convidado: Carlos Cioce Sampaio \u00e9 <span class=\"S1PPyQ\">Coordenador da \u00c1rea de Ci\u00eancias Ambientais da CAPES e professor dos Programas de P\u00f3s-Gradua\u00e7\u00e3o em Desenvolvimento Regional (FURB) e Ci\u00eancias Ambientais (UNISUL). Tamb\u00e9m \u00e9 professor visitante do IEA\/USP e Vice-Presidente da Fundaci\u00f3n Max-Neef.<\/span><\/p>\n<p><a href=\"https:\/\/csr.ufmg.br\/ppgamsa\/wp-content\/uploads\/2023\/03\/aula_magna_2023_correcao2.jpg\"><img loading=\"lazy\" class=\"lazyload alignnone size-full wp-image-1943\" src=\"https:\/\/csr.ufmg.br\/ppgamsa\/wp-content\/uploads\/2023\/03\/aula_magna_2023_correcao2.jpg\" data-orig-src=\"https:\/\/csr.ufmg.br\/ppgamsa\/wp-content\/uploads\/2023\/03\/aula_magna_2023_correcao2.jpg\" alt=\"\" width=\"1414\" height=\"2000\" srcset=\"data:image\/svg+xml,%3Csvg%20xmlns%3D%27http%3A%2F%2Fwww.w3.org%2F2000%2Fsvg%27%20width%3D%271414%27%20height%3D%272000%27%20viewBox%3D%270%200%201414%202000%27%3E%3Crect%20width%3D%271414%27%20height%3D%2732000%27%20fill-opacity%3D%220%22%2F%3E%3C%2Fsvg%3E\" data-srcset=\"https:\/\/csr.ufmg.br\/ppgamsa\/wp-content\/uploads\/2023\/03\/aula_magna_2023_correcao2-200x283.jpg 200w, https:\/\/csr.ufmg.br\/ppgamsa\/wp-content\/uploads\/2023\/03\/aula_magna_2023_correcao2-212x300.jpg 212w, https:\/\/csr.ufmg.br\/ppgamsa\/wp-content\/uploads\/2023\/03\/aula_magna_2023_correcao2-400x566.jpg 400w, https:\/\/csr.ufmg.br\/ppgamsa\/wp-content\/uploads\/2023\/03\/aula_magna_2023_correcao2-600x849.jpg 600w, https:\/\/csr.ufmg.br\/ppgamsa\/wp-content\/uploads\/2023\/03\/aula_magna_2023_correcao2-724x1024.jpg 724w, https:\/\/csr.ufmg.br\/ppgamsa\/wp-content\/uploads\/2023\/03\/aula_magna_2023_correcao2-768x1086.jpg 768w, https:\/\/csr.ufmg.br\/ppgamsa\/wp-content\/uploads\/2023\/03\/aula_magna_2023_correcao2-800x1132.jpg 800w, https:\/\/csr.ufmg.br\/ppgamsa\/wp-content\/uploads\/2023\/03\/aula_magna_2023_correcao2-1086x1536.jpg 1086w, https:\/\/csr.ufmg.br\/ppgamsa\/wp-content\/uploads\/2023\/03\/aula_magna_2023_correcao2-1200x1697.jpg 1200w, https:\/\/csr.ufmg.br\/ppgamsa\/wp-content\/uploads\/2023\/03\/aula_magna_2023_correcao2.jpg 1414w\" data-sizes=\"auto\" data-orig-sizes=\"(max-width: 1414px) 100vw, 1414px\" \/><\/a><\/p>\n","protected":false},"excerpt":{"rendered":"<p>Aula Magna com o professor Carlos Cioce Sampaio Tema: Desenvolvimento [&hellip;]<\/p>\n","protected":false},"author":4,"featured_media":0,"comment_status":"open","ping_status":"open","sticky":false,"template":"","format":"standard","meta":[],"categories":[53,16],"tags":[],"_links":{"self":[{"href":"https:\/\/csr.ufmg.br\/ppgamsa\/wp-json\/wp\/v2\/posts\/1942"}],"collection":[{"href":"https:\/\/csr.ufmg.br\/ppgamsa\/wp-json\/wp\/v2\/posts"}],"about":[{"href":"https:\/\/csr.ufmg.br\/ppgamsa\/wp-json\/wp\/v2\/types\/post"}],"author":[{"embeddable":true,"href":"https:\/\/csr.ufmg.br\/ppgamsa\/wp-json\/wp\/v2\/users\/4"}],"replies":[{"embeddable":true,"href":"https:\/\/csr.ufmg.br\/ppgamsa\/wp-json\/wp\/v2\/comments?post=1942"}],"version-history":[{"count":1,"href":"https:\/\/csr.ufmg.br\/ppgamsa\/wp-json\/wp\/v2\/posts\/1942\/revisions"}],"predecessor-version":[{"id":1944,"href":"https:\/\/csr.ufmg.br\/ppgamsa\/wp-json\/wp\/v2\/posts\/1942\/revisions\/1944"}],"wp:attachment":[{"href":"https:\/\/csr.ufmg.br\/ppgamsa\/wp-json\/wp\/v2\/media?parent=1942"}],"wp:term":[{"taxonomy":"category","embeddable":true,"href":"https:\/\/csr.ufmg.br\/ppgamsa\/wp-json\/wp\/v2\/categories?post=1942"},{"taxonomy":"post_tag","embeddable":true,"href":"https:\/\/csr.ufmg.br\/ppgamsa\/wp-json\/wp\/v2\/tags?post=1942"}],"curies":[{"name":"wp","href":"https:\/\/api.w.org\/{rel}","templated":true}]}}