{"id":2057,"date":"2023-09-18T13:54:37","date_gmt":"2023-09-18T16:54:37","guid":{"rendered":"https:\/\/csr.ufmg.br\/ppgamsa\/?p=2057"},"modified":"2024-09-10T16:48:37","modified_gmt":"2024-09-10T19:48:37","slug":"convite-aula-inaugural-2023-2","status":"publish","type":"post","link":"https:\/\/csr.ufmg.br\/ppgamsa\/convite-aula-inaugural-2023-2\/","title":{"rendered":"Convite: Aula Inaugural 2023\/2"},"content":{"rendered":"<p>A aula inaugural do PPGAMSA acontecer\u00e1 no pr\u00f3ximo dia 25 de setembro, \u00e0s 14h, no Audit\u00f3rio do Instituto de Geoci\u00eancias.<\/p>\n<p>Os pesquisadores Philip Fearnside e Robert Hughes palestrar\u00e3o na ocasi\u00e3o.<\/p>\n<p><a href=\"https:\/\/csr.ufmg.br\/ppgamsa\/wp-content\/uploads\/2023\/09\/flyer_abertura_semestrev2.jpg\"><img loading=\"lazy\" class=\"lazyload alignnone size-full wp-image-2058\" src=\"https:\/\/csr.ufmg.br\/ppgamsa\/wp-content\/uploads\/2023\/09\/flyer_abertura_semestrev2.jpg\" data-orig-src=\"https:\/\/csr.ufmg.br\/ppgamsa\/wp-content\/uploads\/2023\/09\/flyer_abertura_semestrev2.jpg\" alt=\"\" width=\"1414\" height=\"2000\" srcset=\"data:image\/svg+xml,%3Csvg%20xmlns%3D%27http%3A%2F%2Fwww.w3.org%2F2000%2Fsvg%27%20width%3D%271414%27%20height%3D%272000%27%20viewBox%3D%270%200%201414%202000%27%3E%3Crect%20width%3D%271414%27%20height%3D%2732000%27%20fill-opacity%3D%220%22%2F%3E%3C%2Fsvg%3E\" data-srcset=\"https:\/\/csr.ufmg.br\/ppgamsa\/wp-content\/uploads\/2023\/09\/flyer_abertura_semestrev2-200x283.jpg 200w, https:\/\/csr.ufmg.br\/ppgamsa\/wp-content\/uploads\/2023\/09\/flyer_abertura_semestrev2-212x300.jpg 212w, https:\/\/csr.ufmg.br\/ppgamsa\/wp-content\/uploads\/2023\/09\/flyer_abertura_semestrev2-400x566.jpg 400w, https:\/\/csr.ufmg.br\/ppgamsa\/wp-content\/uploads\/2023\/09\/flyer_abertura_semestrev2-600x849.jpg 600w, https:\/\/csr.ufmg.br\/ppgamsa\/wp-content\/uploads\/2023\/09\/flyer_abertura_semestrev2-724x1024.jpg 724w, https:\/\/csr.ufmg.br\/ppgamsa\/wp-content\/uploads\/2023\/09\/flyer_abertura_semestrev2-768x1086.jpg 768w, https:\/\/csr.ufmg.br\/ppgamsa\/wp-content\/uploads\/2023\/09\/flyer_abertura_semestrev2-800x1132.jpg 800w, https:\/\/csr.ufmg.br\/ppgamsa\/wp-content\/uploads\/2023\/09\/flyer_abertura_semestrev2-1086x1536.jpg 1086w, https:\/\/csr.ufmg.br\/ppgamsa\/wp-content\/uploads\/2023\/09\/flyer_abertura_semestrev2-1200x1697.jpg 1200w, https:\/\/csr.ufmg.br\/ppgamsa\/wp-content\/uploads\/2023\/09\/flyer_abertura_semestrev2.jpg 1414w\" data-sizes=\"auto\" data-orig-sizes=\"(max-width: 1414px) 100vw, 1414px\" \/><\/a><\/p>\n","protected":false},"excerpt":{"rendered":"<p>A aula inaugural do PPGAMSA acontecer\u00e1 no pr\u00f3ximo dia 25 [&hellip;]<\/p>\n","protected":false},"author":4,"featured_media":0,"comment_status":"open","ping_status":"open","sticky":false,"template":"","format":"standard","meta":[],"categories":[53,16],"tags":[],"_links":{"self":[{"href":"https:\/\/csr.ufmg.br\/ppgamsa\/wp-json\/wp\/v2\/posts\/2057"}],"collection":[{"href":"https:\/\/csr.ufmg.br\/ppgamsa\/wp-json\/wp\/v2\/posts"}],"about":[{"href":"https:\/\/csr.ufmg.br\/ppgamsa\/wp-json\/wp\/v2\/types\/post"}],"author":[{"embeddable":true,"href":"https:\/\/csr.ufmg.br\/ppgamsa\/wp-json\/wp\/v2\/users\/4"}],"replies":[{"embeddable":true,"href":"https:\/\/csr.ufmg.br\/ppgamsa\/wp-json\/wp\/v2\/comments?post=2057"}],"version-history":[{"count":1,"href":"https:\/\/csr.ufmg.br\/ppgamsa\/wp-json\/wp\/v2\/posts\/2057\/revisions"}],"predecessor-version":[{"id":2059,"href":"https:\/\/csr.ufmg.br\/ppgamsa\/wp-json\/wp\/v2\/posts\/2057\/revisions\/2059"}],"wp:attachment":[{"href":"https:\/\/csr.ufmg.br\/ppgamsa\/wp-json\/wp\/v2\/media?parent=2057"}],"wp:term":[{"taxonomy":"category","embeddable":true,"href":"https:\/\/csr.ufmg.br\/ppgamsa\/wp-json\/wp\/v2\/categories?post=2057"},{"taxonomy":"post_tag","embeddable":true,"href":"https:\/\/csr.ufmg.br\/ppgamsa\/wp-json\/wp\/v2\/tags?post=2057"}],"curies":[{"name":"wp","href":"https:\/\/api.w.org\/{rel}","templated":true}]}}